{"id":4108,"date":"2011-09-12T00:00:00","date_gmt":"2011-09-11T23:00:00","guid":{"rendered":"http:\/\/jeannouveldesign.fr\/2016\/02\/24\/jnd-ouvre-ses-portes-pour-la-design-week-2\/?lang=en"},"modified":"2016-04-04T20:40:08","modified_gmt":"2016-04-04T19:40:08","slug":"jnd-ouvre-ses-portes-pour-la-design-week-2","status":"publish","type":"post","link":"https:\/\/jeannouveldesign.fr\/en\/jnd-ouvre-ses-portes-pour-la-design-week-2\/","title":{"rendered":"Paris Design week"},"content":{"rendered":"<p>Jean Nouvel a coutume de dire qu\u2019il est un architecte qui fait du design, et aussi qu\u2019il est un \u00ab\u00a0amateur\u00a0\u00bb, au sens de celui qui aime le design.<\/p>\n<p>Il a constitu\u00e9 Jean Nouvel Design en 1995 dans le but de d\u00e9velopper son \u0153uvre de designer mais\u00a0ouvre pour la premi\u00e8re fois au public les portes de JND Cit\u00e9 d\u2019Angoul\u00eame pour Designers Week.<\/p>\n<p>Y seront pr\u00e9sent\u00e9es les \u00e9ditions de l\u2019ann\u00e9e 2011:\u00a0 la Table au Km et la Boite \u00e0 Outils pr\u00e9c\u00e9demment expos\u00e9s \u00e0\u00a0la galerie Gagosian en collaboration avec la galerie Patrick Seguin, la nouvelle collection Less en aluminium anodis\u00e9\u00a0\u00e9dit\u00e9e par Unifor,la cloison Hook de Methis, les gammes re d\u00e9velopp\u00e9es par Ligne Roset\u00a0: Saint James, Simple Bridge et Simplissimo, la table Grand Ecart et la lampe Micro Telescopic de Pallucco, les sols Parador ainsi que deux \u00e9ditions de lampes Troll\u00a0:\u00a0Flying Surface et Arana.<\/p>\n","protected":false},"excerpt":{"rendered":"<p>Jean Nouvel a coutume de dire qu\u2019il est un architecte qui fait du design, et aussi qu\u2019il est un \u00ab\u00a0amateur\u00a0\u00bb, au sens de celui qui aime le design. Il a&#8230;<\/p>\n","protected":false},"author":1,"featured_media":3211,"comment_status":"closed","ping_status":"open","sticky":false,"template":"","format":"standard","meta":{"_acf_changed":false,"_monsterinsights_skip_tracking":false,"_monsterinsights_sitenote_active":false,"_monsterinsights_sitenote_note":"","_monsterinsights_sitenote_category":0,"_themeisle_gutenberg_block_has_review":false,"footnotes":""},"categories":[397],"tags":[],"annee-de-publication":[314],"lieu_actualite":[323],"editeur":[],"class_list":["post-4108","post","type-post","status-publish","format-standard","has-post-thumbnail","hentry","category-event","annee-de-publication-2011-en","lieu_actualite-jean-nouvel-design-en"],"acf":[],"yoast_head":"<!-- This site is optimized with the Yoast SEO plugin v27.1.1 - https:\/\/yoast.com\/product\/yoast-seo-wordpress\/ -->\n<title>Paris Design week - Jean Nouvel Design<\/title>\n<meta name=\"description\" content=\"Jean Nouvel a coutume de dire qu\u2019il est un architecte qui fait du design, et aussi qu\u2019il est un \u00ab\u00a0amateur\u00a0\u00bb, au sens de celui qui aime le design.  Il a constitu\u00e9 Jean Nouvel Design en 1995 dans le but de d\u00e9velopper son \u0153uvre de designer mais\u00a0ouvre pour la premi\u00e8re fois au public les portes de JND Cit\u00e9 d\u2019Angoul\u00eame pour Designers Week.  Y seront pr\u00e9sent\u00e9es les \u00e9ditions de l\u2019ann\u00e9e 2011:\u00a0 la Table au Km et la Boite \u00e0 Outils pr\u00e9c\u00e9demment expos\u00e9s \u00e0\u00a0la galerie Gagosian en collaboration avec la galerie Patrick Seguin, la nouvelle collection Less en aluminium anodis\u00e9\u00a0\u00e9dit\u00e9e par Unifor,la cloison Hook de Methis, les gammes re d\u00e9velopp\u00e9es par Ligne Roset\u00a0: Saint James, Simple Bridge et Simplissimo, la table Grand Ecart et la lampe Micro Telescopic de Pallucco, les sols Parador ainsi que deux \u00e9ditions de lampes Troll\u00a0:\u00a0Flying Surface et Arana.\" \/>\n<meta name=\"robots\" content=\"index, follow, max-snippet:-1, max-image-preview:large, max-video-preview:-1\" \/>\n<link rel=\"canonical\" href=\"https:\/\/jeannouveldesign.fr\/paris-design-week-2\/\" \/>\n<meta property=\"og:locale\" content=\"en_US\" \/>\n<meta property=\"og:type\" content=\"article\" \/>\n<meta property=\"og:title\" content=\"Paris Design week - Jean Nouvel Design\" \/>\n<meta property=\"og:description\" content=\"Jean Nouvel a coutume de dire qu\u2019il est un architecte qui fait du design, et aussi qu\u2019il est un \u00ab\u00a0amateur\u00a0\u00bb, au sens de celui qui aime le design.  Il a constitu\u00e9 Jean Nouvel Design en 1995 dans le but de d\u00e9velopper son \u0153uvre de designer mais\u00a0ouvre pour la premi\u00e8re fois au public les portes de JND Cit\u00e9 d\u2019Angoul\u00eame pour Designers Week.  Y seront pr\u00e9sent\u00e9es les \u00e9ditions de l\u2019ann\u00e9e 2011:\u00a0 la Table au Km et la Boite \u00e0 Outils pr\u00e9c\u00e9demment expos\u00e9s \u00e0\u00a0la galerie Gagosian en collaboration avec la galerie Patrick Seguin, la nouvelle collection Less en aluminium anodis\u00e9\u00a0\u00e9dit\u00e9e par Unifor,la cloison Hook de Methis, les gammes re d\u00e9velopp\u00e9es par Ligne Roset\u00a0: Saint James, Simple Bridge et Simplissimo, la table Grand Ecart et la lampe Micro Telescopic de Pallucco, les sols Parador ainsi que deux \u00e9ditions de lampes Troll\u00a0:\u00a0Flying Surface et Arana.\" \/>\n<meta property=\"og:url\" content=\"https:\/\/jeannouveldesign.fr\/paris-design-week-2\/\" \/>\n<meta property=\"og:site_name\" content=\"Jean Nouvel Design\" \/>\n<meta property=\"article:published_time\" content=\"2011-09-11T23:00:00+00:00\" \/>\n<meta property=\"article:modified_time\" content=\"2016-04-04T19:40:08+00:00\" \/>\n<meta property=\"og:image\" content=\"https:\/\/jeannouveldesign.fr\/wp-content\/uploads\/2016\/02\/854.jpg\" \/>\n\t<meta property=\"og:image:width\" content=\"900\" \/>\n\t<meta property=\"og:image:height\" content=\"660\" \/>\n\t<meta property=\"og:image:type\" content=\"image\/jpeg\" \/>\n<meta name=\"author\" content=\"admin\" \/>\n<meta name=\"twitter:card\" content=\"summary_large_image\" \/>\n<meta name=\"twitter:label1\" content=\"Written by\" \/>\n\t<meta name=\"twitter:data1\" content=\"admin\" \/>\n\t<meta name=\"twitter:label2\" content=\"Est. reading time\" \/>\n\t<meta name=\"twitter:data2\" content=\"1 minute\" \/>\n<script type=\"application\/ld+json\" class=\"yoast-schema-graph\">{\"@context\":\"https:\/\/schema.org\",\"@graph\":[{\"@type\":\"Article\",\"@id\":\"https:\/\/jeannouveldesign.fr\/paris-design-week-2\/#article\",\"isPartOf\":{\"@id\":\"https:\/\/jeannouveldesign.fr\/paris-design-week-2\/\"},\"author\":{\"name\":\"admin\",\"@id\":\"https:\/\/jeannouveldesign.fr\/#\/schema\/person\/f061f310efb7c3db95a44dd81e3764f2\"},\"headline\":\"Paris Design week\",\"datePublished\":\"2011-09-11T23:00:00+00:00\",\"dateModified\":\"2016-04-04T19:40:08+00:00\",\"mainEntityOfPage\":{\"@id\":\"https:\/\/jeannouveldesign.fr\/paris-design-week-2\/\"},\"wordCount\":160,\"image\":{\"@id\":\"https:\/\/jeannouveldesign.fr\/paris-design-week-2\/#primaryimage\"},\"thumbnailUrl\":\"https:\/\/jeannouveldesign.fr\/wp-content\/uploads\/2016\/02\/854.jpg\",\"articleSection\":[\"Event\"],\"inLanguage\":\"en-US\"},{\"@type\":\"WebPage\",\"@id\":\"https:\/\/jeannouveldesign.fr\/paris-design-week-2\/\",\"url\":\"https:\/\/jeannouveldesign.fr\/paris-design-week-2\/\",\"name\":\"Paris Design week - Jean Nouvel Design\",\"isPartOf\":{\"@id\":\"https:\/\/jeannouveldesign.fr\/#website\"},\"primaryImageOfPage\":{\"@id\":\"https:\/\/jeannouveldesign.fr\/paris-design-week-2\/#primaryimage\"},\"image\":{\"@id\":\"https:\/\/jeannouveldesign.fr\/paris-design-week-2\/#primaryimage\"},\"thumbnailUrl\":\"https:\/\/jeannouveldesign.fr\/wp-content\/uploads\/2016\/02\/854.jpg\",\"datePublished\":\"2011-09-11T23:00:00+00:00\",\"dateModified\":\"2016-04-04T19:40:08+00:00\",\"author\":{\"@id\":\"https:\/\/jeannouveldesign.fr\/#\/schema\/person\/f061f310efb7c3db95a44dd81e3764f2\"},\"description\":\"Jean Nouvel a coutume de dire qu\u2019il est un architecte qui fait du design, et aussi qu\u2019il est un \u00ab\u00a0amateur\u00a0\u00bb, au sens de celui qui aime le design. Il a constitu\u00e9 Jean Nouvel Design en 1995 dans le but de d\u00e9velopper son \u0153uvre de designer mais\u00a0ouvre pour la premi\u00e8re fois au public les portes de JND Cit\u00e9 d\u2019Angoul\u00eame pour Designers Week. Y seront pr\u00e9sent\u00e9es les \u00e9ditions de l\u2019ann\u00e9e 2011:\u00a0 la Table au Km et la Boite \u00e0 Outils pr\u00e9c\u00e9demment expos\u00e9s \u00e0\u00a0la galerie Gagosian en collaboration avec la galerie Patrick Seguin, la nouvelle collection Less en aluminium anodis\u00e9\u00a0\u00e9dit\u00e9e par Unifor,la cloison Hook de Methis, les gammes re d\u00e9velopp\u00e9es par Ligne Roset\u00a0: Saint James, Simple Bridge et Simplissimo, la table Grand Ecart et la lampe Micro Telescopic de Pallucco, les sols Parador ainsi que deux \u00e9ditions de lampes Troll\u00a0:\u00a0Flying Surface et Arana.\",\"breadcrumb\":{\"@id\":\"https:\/\/jeannouveldesign.fr\/paris-design-week-2\/#breadcrumb\"},\"inLanguage\":\"en-US\",\"potentialAction\":[{\"@type\":\"ReadAction\",\"target\":[\"https:\/\/jeannouveldesign.fr\/paris-design-week-2\/\"]}]},{\"@type\":\"ImageObject\",\"inLanguage\":\"en-US\",\"@id\":\"https:\/\/jeannouveldesign.fr\/paris-design-week-2\/#primaryimage\",\"url\":\"https:\/\/jeannouveldesign.fr\/wp-content\/uploads\/2016\/02\/854.jpg\",\"contentUrl\":\"https:\/\/jeannouveldesign.fr\/wp-content\/uploads\/2016\/02\/854.jpg\",\"width\":900,\"height\":660},{\"@type\":\"BreadcrumbList\",\"@id\":\"https:\/\/jeannouveldesign.fr\/paris-design-week-2\/#breadcrumb\",\"itemListElement\":[{\"@type\":\"ListItem\",\"position\":1,\"name\":\"Accueil\",\"item\":\"https:\/\/jeannouveldesign.fr\/en\/\"},{\"@type\":\"ListItem\",\"position\":2,\"name\":\"Paris Design week\"}]},{\"@type\":\"WebSite\",\"@id\":\"https:\/\/jeannouveldesign.fr\/#website\",\"url\":\"https:\/\/jeannouveldesign.fr\/\",\"name\":\"Jean Nouvel Design\",\"description\":\"\",\"potentialAction\":[{\"@type\":\"SearchAction\",\"target\":{\"@type\":\"EntryPoint\",\"urlTemplate\":\"https:\/\/jeannouveldesign.fr\/?s={search_term_string}\"},\"query-input\":{\"@type\":\"PropertyValueSpecification\",\"valueRequired\":true,\"valueName\":\"search_term_string\"}}],\"inLanguage\":\"en-US\"},{\"@type\":\"Person\",\"@id\":\"https:\/\/jeannouveldesign.fr\/#\/schema\/person\/f061f310efb7c3db95a44dd81e3764f2\",\"name\":\"admin\",\"image\":{\"@type\":\"ImageObject\",\"inLanguage\":\"en-US\",\"@id\":\"https:\/\/jeannouveldesign.fr\/#\/schema\/person\/image\/\",\"url\":\"https:\/\/secure.gravatar.com\/avatar\/5a687c898353ef11294f329ebdc584a304c33753a138e23a69c81addfd569fad?s=96&d=mm&r=g\",\"contentUrl\":\"https:\/\/secure.gravatar.com\/avatar\/5a687c898353ef11294f329ebdc584a304c33753a138e23a69c81addfd569fad?s=96&d=mm&r=g\",\"caption\":\"admin\"},\"url\":\"https:\/\/jeannouveldesign.fr\/en\/author\/admin\/\"}]}<\/script>\n<!-- \/ Yoast SEO plugin. -->","yoast_head_json":{"title":"Paris Design week - Jean Nouvel Design","description":"Jean Nouvel a coutume de dire qu\u2019il est un architecte qui fait du design, et aussi qu\u2019il est un \u00ab\u00a0amateur\u00a0\u00bb, au sens de celui qui aime le design.  Il a constitu\u00e9 Jean Nouvel Design en 1995 dans le but de d\u00e9velopper son \u0153uvre de designer mais\u00a0ouvre pour la premi\u00e8re fois au public les portes de JND Cit\u00e9 d\u2019Angoul\u00eame pour Designers Week.  Y seront pr\u00e9sent\u00e9es les \u00e9ditions de l\u2019ann\u00e9e 2011:\u00a0 la Table au Km et la Boite \u00e0 Outils pr\u00e9c\u00e9demment expos\u00e9s \u00e0\u00a0la galerie Gagosian en collaboration avec la galerie Patrick Seguin, la nouvelle collection Less en aluminium anodis\u00e9\u00a0\u00e9dit\u00e9e par Unifor,la cloison Hook de Methis, les gammes re d\u00e9velopp\u00e9es par Ligne Roset\u00a0: Saint James, Simple Bridge et Simplissimo, la table Grand Ecart et la lampe Micro Telescopic de Pallucco, les sols Parador ainsi que deux \u00e9ditions de lampes Troll\u00a0:\u00a0Flying Surface et Arana.","robots":{"index":"index","follow":"follow","max-snippet":"max-snippet:-1","max-image-preview":"max-image-preview:large","max-video-preview":"max-video-preview:-1"},"canonical":"https:\/\/jeannouveldesign.fr\/paris-design-week-2\/","og_locale":"en_US","og_type":"article","og_title":"Paris Design week - Jean Nouvel Design","og_description":"Jean Nouvel a coutume de dire qu\u2019il est un architecte qui fait du design, et aussi qu\u2019il est un \u00ab\u00a0amateur\u00a0\u00bb, au sens de celui qui aime le design.  Il a constitu\u00e9 Jean Nouvel Design en 1995 dans le but de d\u00e9velopper son \u0153uvre de designer mais\u00a0ouvre pour la premi\u00e8re fois au public les portes de JND Cit\u00e9 d\u2019Angoul\u00eame pour Designers Week.  Y seront pr\u00e9sent\u00e9es les \u00e9ditions de l\u2019ann\u00e9e 2011:\u00a0 la Table au Km et la Boite \u00e0 Outils pr\u00e9c\u00e9demment expos\u00e9s \u00e0\u00a0la galerie Gagosian en collaboration avec la galerie Patrick Seguin, la nouvelle collection Less en aluminium anodis\u00e9\u00a0\u00e9dit\u00e9e par Unifor,la cloison Hook de Methis, les gammes re d\u00e9velopp\u00e9es par Ligne Roset\u00a0: Saint James, Simple Bridge et Simplissimo, la table Grand Ecart et la lampe Micro Telescopic de Pallucco, les sols Parador ainsi que deux \u00e9ditions de lampes Troll\u00a0:\u00a0Flying Surface et Arana.","og_url":"https:\/\/jeannouveldesign.fr\/paris-design-week-2\/","og_site_name":"Jean Nouvel Design","article_published_time":"2011-09-11T23:00:00+00:00","article_modified_time":"2016-04-04T19:40:08+00:00","og_image":[{"width":900,"height":660,"url":"https:\/\/jeannouveldesign.fr\/wp-content\/uploads\/2016\/02\/854.jpg","type":"image\/jpeg"}],"author":"admin","twitter_card":"summary_large_image","twitter_misc":{"Written by":"admin","Est. reading time":"1 minute"},"schema":{"@context":"https:\/\/schema.org","@graph":[{"@type":"Article","@id":"https:\/\/jeannouveldesign.fr\/paris-design-week-2\/#article","isPartOf":{"@id":"https:\/\/jeannouveldesign.fr\/paris-design-week-2\/"},"author":{"name":"admin","@id":"https:\/\/jeannouveldesign.fr\/#\/schema\/person\/f061f310efb7c3db95a44dd81e3764f2"},"headline":"Paris Design week","datePublished":"2011-09-11T23:00:00+00:00","dateModified":"2016-04-04T19:40:08+00:00","mainEntityOfPage":{"@id":"https:\/\/jeannouveldesign.fr\/paris-design-week-2\/"},"wordCount":160,"image":{"@id":"https:\/\/jeannouveldesign.fr\/paris-design-week-2\/#primaryimage"},"thumbnailUrl":"https:\/\/jeannouveldesign.fr\/wp-content\/uploads\/2016\/02\/854.jpg","articleSection":["Event"],"inLanguage":"en-US"},{"@type":"WebPage","@id":"https:\/\/jeannouveldesign.fr\/paris-design-week-2\/","url":"https:\/\/jeannouveldesign.fr\/paris-design-week-2\/","name":"Paris Design week - Jean Nouvel Design","isPartOf":{"@id":"https:\/\/jeannouveldesign.fr\/#website"},"primaryImageOfPage":{"@id":"https:\/\/jeannouveldesign.fr\/paris-design-week-2\/#primaryimage"},"image":{"@id":"https:\/\/jeannouveldesign.fr\/paris-design-week-2\/#primaryimage"},"thumbnailUrl":"https:\/\/jeannouveldesign.fr\/wp-content\/uploads\/2016\/02\/854.jpg","datePublished":"2011-09-11T23:00:00+00:00","dateModified":"2016-04-04T19:40:08+00:00","author":{"@id":"https:\/\/jeannouveldesign.fr\/#\/schema\/person\/f061f310efb7c3db95a44dd81e3764f2"},"description":"Jean Nouvel a coutume de dire qu\u2019il est un architecte qui fait du design, et aussi qu\u2019il est un \u00ab\u00a0amateur\u00a0\u00bb, au sens de celui qui aime le design. Il a constitu\u00e9 Jean Nouvel Design en 1995 dans le but de d\u00e9velopper son \u0153uvre de designer mais\u00a0ouvre pour la premi\u00e8re fois au public les portes de JND Cit\u00e9 d\u2019Angoul\u00eame pour Designers Week. Y seront pr\u00e9sent\u00e9es les \u00e9ditions de l\u2019ann\u00e9e 2011:\u00a0 la Table au Km et la Boite \u00e0 Outils pr\u00e9c\u00e9demment expos\u00e9s \u00e0\u00a0la galerie Gagosian en collaboration avec la galerie Patrick Seguin, la nouvelle collection Less en aluminium anodis\u00e9\u00a0\u00e9dit\u00e9e par Unifor,la cloison Hook de Methis, les gammes re d\u00e9velopp\u00e9es par Ligne Roset\u00a0: Saint James, Simple Bridge et Simplissimo, la table Grand Ecart et la lampe Micro Telescopic de Pallucco, les sols Parador ainsi que deux \u00e9ditions de lampes Troll\u00a0:\u00a0Flying Surface et Arana.","breadcrumb":{"@id":"https:\/\/jeannouveldesign.fr\/paris-design-week-2\/#breadcrumb"},"inLanguage":"en-US","potentialAction":[{"@type":"ReadAction","target":["https:\/\/jeannouveldesign.fr\/paris-design-week-2\/"]}]},{"@type":"ImageObject","inLanguage":"en-US","@id":"https:\/\/jeannouveldesign.fr\/paris-design-week-2\/#primaryimage","url":"https:\/\/jeannouveldesign.fr\/wp-content\/uploads\/2016\/02\/854.jpg","contentUrl":"https:\/\/jeannouveldesign.fr\/wp-content\/uploads\/2016\/02\/854.jpg","width":900,"height":660},{"@type":"BreadcrumbList","@id":"https:\/\/jeannouveldesign.fr\/paris-design-week-2\/#breadcrumb","itemListElement":[{"@type":"ListItem","position":1,"name":"Accueil","item":"https:\/\/jeannouveldesign.fr\/en\/"},{"@type":"ListItem","position":2,"name":"Paris Design week"}]},{"@type":"WebSite","@id":"https:\/\/jeannouveldesign.fr\/#website","url":"https:\/\/jeannouveldesign.fr\/","name":"Jean Nouvel Design","description":"","potentialAction":[{"@type":"SearchAction","target":{"@type":"EntryPoint","urlTemplate":"https:\/\/jeannouveldesign.fr\/?s={search_term_string}"},"query-input":{"@type":"PropertyValueSpecification","valueRequired":true,"valueName":"search_term_string"}}],"inLanguage":"en-US"},{"@type":"Person","@id":"https:\/\/jeannouveldesign.fr\/#\/schema\/person\/f061f310efb7c3db95a44dd81e3764f2","name":"admin","image":{"@type":"ImageObject","inLanguage":"en-US","@id":"https:\/\/jeannouveldesign.fr\/#\/schema\/person\/image\/","url":"https:\/\/secure.gravatar.com\/avatar\/5a687c898353ef11294f329ebdc584a304c33753a138e23a69c81addfd569fad?s=96&d=mm&r=g","contentUrl":"https:\/\/secure.gravatar.com\/avatar\/5a687c898353ef11294f329ebdc584a304c33753a138e23a69c81addfd569fad?s=96&d=mm&r=g","caption":"admin"},"url":"https:\/\/jeannouveldesign.fr\/en\/author\/admin\/"}]}},"_links":{"self":[{"href":"https:\/\/jeannouveldesign.fr\/en\/wp-json\/wp\/v2\/posts\/4108","targetHints":{"allow":["GET"]}}],"collection":[{"href":"https:\/\/jeannouveldesign.fr\/en\/wp-json\/wp\/v2\/posts"}],"about":[{"href":"https:\/\/jeannouveldesign.fr\/en\/wp-json\/wp\/v2\/types\/post"}],"author":[{"embeddable":true,"href":"https:\/\/jeannouveldesign.fr\/en\/wp-json\/wp\/v2\/users\/1"}],"replies":[{"embeddable":true,"href":"https:\/\/jeannouveldesign.fr\/en\/wp-json\/wp\/v2\/comments?post=4108"}],"version-history":[{"count":7,"href":"https:\/\/jeannouveldesign.fr\/en\/wp-json\/wp\/v2\/posts\/4108\/revisions"}],"predecessor-version":[{"id":8864,"href":"https:\/\/jeannouveldesign.fr\/en\/wp-json\/wp\/v2\/posts\/4108\/revisions\/8864"}],"wp:featuredmedia":[{"embeddable":true,"href":"https:\/\/jeannouveldesign.fr\/en\/wp-json\/wp\/v2\/media\/3211"}],"wp:attachment":[{"href":"https:\/\/jeannouveldesign.fr\/en\/wp-json\/wp\/v2\/media?parent=4108"}],"wp:term":[{"taxonomy":"category","embeddable":true,"href":"https:\/\/jeannouveldesign.fr\/en\/wp-json\/wp\/v2\/categories?post=4108"},{"taxonomy":"post_tag","embeddable":true,"href":"https:\/\/jeannouveldesign.fr\/en\/wp-json\/wp\/v2\/tags?post=4108"},{"taxonomy":"annee-de-publication","embeddable":true,"href":"https:\/\/jeannouveldesign.fr\/en\/wp-json\/wp\/v2\/annee-de-publication?post=4108"},{"taxonomy":"lieu_actualite","embeddable":true,"href":"https:\/\/jeannouveldesign.fr\/en\/wp-json\/wp\/v2\/lieu_actualite?post=4108"},{"taxonomy":"editeur","embeddable":true,"href":"https:\/\/jeannouveldesign.fr\/en\/wp-json\/wp\/v2\/editeur?post=4108"}],"curies":[{"name":"wp","href":"https:\/\/api.w.org\/{rel}","templated":true}]}}